{"id":11518,"date":"2021-05-19T18:59:50","date_gmt":"2021-05-19T16:59:50","guid":{"rendered":"https:\/\/liceoaprilia.edu.it\/?p=11518"},"modified":"2021-05-19T18:59:50","modified_gmt":"2021-05-19T16:59:50","slug":"fedez-fa-scandalo-allauditorium-del-parco-della-musica","status":"publish","type":"post","link":"https:\/\/liceoaprilia.edu.it\/2021\/05\/19\/fedez-fa-scandalo-allauditorium-del-parco-della-musica\/","title":{"rendered":"Fedez fa scandalo all\u2019Auditorium del Parco della Musica."},"content":{"rendered":"\r\n\r\n\r\n\r\n<h2>Fedez contro la censura della Rai e l\u2019omofobia della Lega: il cantante in mezzo a due fuochi.<\/h2>\r\n\r\n\r\n\r\n<p>Durante il concerto del primo maggio, evento che si svolge ogni anno il 1 Maggio per celebrare la festa dei lavoratori dal 1990, tra i 40 artisti che si sono esibiti, il cantante Federico Leonardo Lucia ( in arte Fedez) prorompe sul palco con un intervento contro le prese di posizione omofobe della Lega, la quale ritarda l\u2019approvazione del disegno di legge DDL Zan, il quale mira a tutelare le persone che vengono discriminate per motivi fondati sul sesso, sul genere, sull\u2019orientamento sessuale, sull\u2019identit\u00e0 di genere e sulla disabilit\u00e0. Il suo monologo \u00e8 dovuto prima passare al vaio dei vertici di Rai 3, i quali sembrano aver praticato su di esso un atto di censura.<\/p>\r\n\r\n\r\n\r\n<p>Da parte della Rai la richiesta era di omettere nomi di parti, di politici e di rendere meni sgradevole in contenuto, ma il cantante ha proseguito per la sua strada.<br><em>\u201cHo dovuto lottare un pochino, un po&#8217; tanto, per\u00f2 alla fine mi \u00e8 stato dato il permesso di potermi esprimere liberamente. Grazie. Mi assumo tutte le responsabilit\u00e0 e le conseguenze di ci\u00f2 che dico e faccio. Sappiate per\u00f2 che il contenuto di questo intervento \u00e8 stato definito dalla vicedirettrice di Rai 3 come inopportuno\u201d.<\/em><\/p>\r\n\r\n\r\n\r\n<p>Di seguito Fedez pronuncia un\u2019accusa diretta contro la Lega e i suoi rappresentanti, citando alcuni dei \u201cloro aforismi\u201d:<\/p>\r\n\r\n\r\n\r\n<p><em>\u201dSe avessi un figlio gay, lo brucerei nel forno\u201d, \u201ci gay vittime di aberrazioni della natura\u201d, \u201ci gay sono una sciagura per la riproduzione e la conservazione della specie\u201d. <\/em>Quelle appena riportate sono esempi di frasi che la Rai avrebbe voluto fossero omesse. Le accuse di tentata censura vengono immediatamente smentite<em>:\u201c La Rai \u00e8 da sempre aperta al dibattito e al confronto di opinioni, nel rispetto di ogni posizione politica &#8211; si legge in una nota di Viale Mazzini &#8211; ed \u00e8 fortemente scorretto [&#8230;] sostenere che la Rai abbia chiesto preventivamente i testi degli artisti\u201d .<\/em><\/p>\r\n\r\n\r\n\r\n<figure class=\"wp-block-image size-large\"><img src=\"https:\/\/www.nicoladagostino.com\/wp-content\/uploads\/2021\/05\/download.jpeg\" alt=\"\" class=\"wp-image-596\"\/><\/figure>\r\n\r\n\r\n\r\n<p>Ma l\u2019artista in tarda sera replica pubblicando un video della chiamata con la direttrice di Rai 3, Ilaria Capitani, nel quale si sente la richiesta di modificare il monologo. La Capitani per\u00f2 afferma che i video sia stato tagliato e che le parole realmente dette siano state :<em>\u201cMi scusi Fedez, sono Ilaria Capitani, vicedirettrice di Rai 3, la Rai non ha proprio alcuna censura da fare. Nel senso che&#8230; La Rai fa un acquisto di diritti e ripresa, quindi la Rai non \u00e8 responsabile n\u00e9 della sua presenza, ci mancherebbe altro, n\u00e9 di quello che lei dir\u00e0 [&#8230;]\u201d. \u201cCi tengo a sottolinearle che la Rai non ha assolutamente una censura, ok? Non \u00e8 questo [&#8230;] Dopodich\u00e9 io ritengo inopportuno il contesto, ma questa \u00e8 una cosa sua\u201d.<\/em><\/p>\r\n\r\n\r\n\r\n<p>Adori Giada 4R<\/p>\r\n\r\n\r\n\r\n<p>Salvini Lorenzo 4R<\/p>\r\n\r\n\r\n\r\n","protected":false},"excerpt":{"rendered":"<p>Fedez contro la censura della Rai e l\u2019omofobia della Lega: il cantante in mezzo a due fuochi. Durante il concerto del primo maggio, evento che si svolge ogni anno il 1 Maggio per celebrare la festa dei lavoratori dal 1990, tra i 40 artisti che si sono esibiti, il cantante Federico Leonardo Lucia ( in arte Fedez) prorompe sul palco con un intervento contro le prese di posizione omofobe della Lega, la quale ritarda l\u2019approvazione del disegno di legge DDL Zan, il quale mira a tutelare le persone che vengono discriminate per motivi fondati sul sesso, sul genere, sull\u2019orientamento sessuale, sull\u2019identit\u00e0 di genere e sulla disabilit\u00e0. Il suo monologo \u00e8 dovuto prima passare al vaio dei vertici di Rai 3, i quali sembrano aver praticato su di esso un atto di censura. Da parte della Rai la richiesta era di omettere nomi di parti, di politici e di rendere meni sgradevole in contenuto, ma il cantante ha proseguito per la sua strada.\u201cHo dovuto lottare un pochino, un po&#8217; tanto, per\u00f2 alla fine mi \u00e8 stato dato il permesso di potermi esprimere liberamente. Grazie. Mi assumo tutte le responsabilit\u00e0 e le conseguenze di ci\u00f2 che dico e faccio. Sappiate per\u00f2 che il contenuto di questo intervento \u00e8 stato definito dalla vicedirettrice di Rai 3 come inopportuno\u201d. Di seguito Fedez pronuncia un\u2019accusa diretta contro la Lega e i suoi rappresentanti, citando alcuni dei \u201cloro aforismi\u201d: \u201dSe avessi un figlio gay, lo brucerei nel forno\u201d, \u201ci gay vittime di aberrazioni della natura\u201d, \u201ci gay sono una sciagura per la riproduzione e la conservazione della specie\u201d. Quelle appena riportate sono esempi di frasi che la Rai avrebbe voluto fossero omesse. Le accuse di tentata censura vengono immediatamente smentite:\u201c La Rai \u00e8 da sempre aperta al dibattito e al confronto di opinioni, nel rispetto di ogni posizione politica &#8211; si legge in una nota di Viale Mazzini &#8211; ed \u00e8 fortemente scorretto [&#8230;] sostenere che la Rai abbia chiesto preventivamente i testi degli artisti\u201d . Ma l\u2019artista in tarda sera replica pubblicando un video della chiamata con la direttrice di Rai 3, Ilaria Capitani, nel quale si sente la richiesta di modificare il monologo. La Capitani per\u00f2 afferma che i video sia stato tagliato e che le parole realmente dette siano state :\u201cMi scusi Fedez, sono Ilaria Capitani, vicedirettrice di Rai 3, la Rai non ha proprio alcuna censura da fare. Nel senso che&#8230; La Rai fa un acquisto di diritti e ripresa, quindi la Rai non \u00e8 responsabile n\u00e9 della sua presenza, ci mancherebbe altro, n\u00e9 di quello che lei dir\u00e0 [&#8230;]\u201d. \u201cCi tengo a sottolinearle che la Rai non ha assolutamente una censura, ok? Non \u00e8 questo [&#8230;] Dopodich\u00e9 io ritengo inopportuno il contesto, ma questa \u00e8 una cosa sua\u201d. Adori Giada 4R Salvini Lorenzo 4R<\/p>\n","protected":false},"author":6,"featured_media":0,"comment_status":"closed","ping_status":"closed","sticky":false,"template":"","format":"standard","meta":[],"categories":[16,19,24],"tags":[],"_links":{"self":[{"href":"https:\/\/liceoaprilia.edu.it\/wp-json\/wp\/v2\/posts\/11518"}],"collection":[{"href":"https:\/\/liceoaprilia.edu.it\/wp-json\/wp\/v2\/posts"}],"about":[{"href":"https:\/\/liceoaprilia.edu.it\/wp-json\/wp\/v2\/types\/post"}],"author":[{"embeddable":true,"href":"https:\/\/liceoaprilia.edu.it\/wp-json\/wp\/v2\/users\/6"}],"replies":[{"embeddable":true,"href":"https:\/\/liceoaprilia.edu.it\/wp-json\/wp\/v2\/comments?post=11518"}],"version-history":[{"count":1,"href":"https:\/\/liceoaprilia.edu.it\/wp-json\/wp\/v2\/posts\/11518\/revisions"}],"predecessor-version":[{"id":11519,"href":"https:\/\/liceoaprilia.edu.it\/wp-json\/wp\/v2\/posts\/11518\/revisions\/11519"}],"wp:attachment":[{"href":"https:\/\/liceoaprilia.edu.it\/wp-json\/wp\/v2\/media?parent=11518"}],"wp:term":[{"taxonomy":"category","embeddable":true,"href":"https:\/\/liceoaprilia.edu.it\/wp-json\/wp\/v2\/categories?post=11518"},{"taxonomy":"post_tag","embeddable":true,"href":"https:\/\/liceoaprilia.edu.it\/wp-json\/wp\/v2\/tags?post=11518"}],"curies":[{"name":"wp","href":"https:\/\/api.w.org\/{rel}","templated":true}]}}