{"id":11525,"date":"2021-05-19T19:08:58","date_gmt":"2021-05-19T17:08:58","guid":{"rendered":"https:\/\/liceoaprilia.edu.it\/?p=11525"},"modified":"2021-05-19T19:08:58","modified_gmt":"2021-05-19T17:08:58","slug":"ddl-zan-perche-litalia-ne-ha-bisogno-2","status":"publish","type":"post","link":"https:\/\/liceoaprilia.edu.it\/2021\/05\/19\/ddl-zan-perche-litalia-ne-ha-bisogno-2\/","title":{"rendered":"DDL ZAN: perch\u00e9 l\u2019Italia ne ha bisogno"},"content":{"rendered":"\r\n\r\n\r\n<h2>Una legge contro omotransfobia, misoginia e abilismo<\/h2>\r\n\r\n\r\n\r\n<p>La Legge Zan, che ha adottato il nome del relatore Alessandro Zan, \u00e8 stata approvato alla camera il 4 novembre 2020. E ora deve essere calendarizzata in Senato, anche se ostacolata dall\u2019opposizione della Lega e di Fratelli D\u2019Italia.<\/p>\r\n\r\n\r\n\r\n<p>L\u2019ostilit\u00e0 da parte di questi ultimi partiti ha causato vari dibatti, in particolare sui social, al punto che, alcune celebrit\u00e0, che sono a favore della legge hanno iniziato delle campagne di sensibilizzazione e di spiegazione del perch\u00e9 questa legge sia necessaria. In Italia sono molto frequenti le aggressioni di minoranze e non (disabili, donne, comunit\u00e0 LGBTQ+) dovute principalmente alla loro identit\u00e0 di genere e orientamento sessuale. Al momento non esiste una legge specifica che punisca questo tipo di discriminazione, a differenza di quelle della Mancino che tutela la diversit\u00e0 etnica e religiosa del paese.<\/p>\r\n\r\n\r\n\r\n<figure class=\"wp-block-image size-large\"><img src=\"https:\/\/www.nicoladagostino.com\/wp-content\/uploads\/2021\/05\/WhatsApp-Image-2021-04-26-at-15.58.35-1024x559.jpeg\" alt=\"\" class=\"wp-image-605\"\/><\/figure>\r\n\r\n\r\n\r\n<p>Che cos\u2019\u00e8 il DDL ZAN nello specifico? E di cosa si occupa? Il DDL Zan \u00e8 un disegno di Legge contro l\u2019omotransfobia, misoginia e abilissimo, recante misure di prevenzione e contrasto della discriminazione e della violenza per motivi fondati sul sesso, sul genere, sull\u2019orientamento sessuale, sull\u2019identit\u00e0 di genere e sulla disabilit\u00e0.<\/p>\r\n\r\n\r\n\r\n<p>Garuglieri Giorgia 4R, Lucian Calina 5R, Davide Mastromanno 5R<\/p>\r\n\r\n\r\n","protected":false},"excerpt":{"rendered":"<p>Una legge contro omotransfobia, misoginia e abilismo La Legge Zan, che ha adottato il nome del relatore Alessandro Zan, \u00e8 stata approvato alla camera il 4 novembre 2020. E ora deve essere calendarizzata in Senato, anche se ostacolata dall\u2019opposizione della Lega e di Fratelli D\u2019Italia. L\u2019ostilit\u00e0 da parte di questi ultimi partiti ha causato vari dibatti, in particolare sui social, al punto che, alcune celebrit\u00e0, che sono a favore della legge hanno iniziato delle campagne di sensibilizzazione e di spiegazione del perch\u00e9 questa legge sia necessaria. In Italia sono molto frequenti le aggressioni di minoranze e non (disabili, donne, comunit\u00e0 LGBTQ+) dovute principalmente alla loro identit\u00e0 di genere e orientamento sessuale. Al momento non esiste una legge specifica che punisca questo tipo di discriminazione, a differenza di quelle della Mancino che tutela la diversit\u00e0 etnica e religiosa del paese. Che cos\u2019\u00e8 il DDL ZAN nello specifico? E di cosa si occupa? Il DDL Zan \u00e8 un disegno di Legge contro l\u2019omotransfobia, misoginia e abilissimo, recante misure di prevenzione e contrasto della discriminazione e della violenza per motivi fondati sul sesso, sul genere, sull\u2019orientamento sessuale, sull\u2019identit\u00e0 di genere e sulla disabilit\u00e0. Garuglieri Giorgia 4R, Lucian Calina 5R, Davide Mastromanno 5R<\/p>\n","protected":false},"author":6,"featured_media":0,"comment_status":"closed","ping_status":"closed","sticky":false,"template":"","format":"standard","meta":[],"categories":[16,25,24],"tags":[],"_links":{"self":[{"href":"https:\/\/liceoaprilia.edu.it\/wp-json\/wp\/v2\/posts\/11525"}],"collection":[{"href":"https:\/\/liceoaprilia.edu.it\/wp-json\/wp\/v2\/posts"}],"about":[{"href":"https:\/\/liceoaprilia.edu.it\/wp-json\/wp\/v2\/types\/post"}],"author":[{"embeddable":true,"href":"https:\/\/liceoaprilia.edu.it\/wp-json\/wp\/v2\/users\/6"}],"replies":[{"embeddable":true,"href":"https:\/\/liceoaprilia.edu.it\/wp-json\/wp\/v2\/comments?post=11525"}],"version-history":[{"count":1,"href":"https:\/\/liceoaprilia.edu.it\/wp-json\/wp\/v2\/posts\/11525\/revisions"}],"predecessor-version":[{"id":11526,"href":"https:\/\/liceoaprilia.edu.it\/wp-json\/wp\/v2\/posts\/11525\/revisions\/11526"}],"wp:attachment":[{"href":"https:\/\/liceoaprilia.edu.it\/wp-json\/wp\/v2\/media?parent=11525"}],"wp:term":[{"taxonomy":"category","embeddable":true,"href":"https:\/\/liceoaprilia.edu.it\/wp-json\/wp\/v2\/categories?post=11525"},{"taxonomy":"post_tag","embeddable":true,"href":"https:\/\/liceoaprilia.edu.it\/wp-json\/wp\/v2\/tags?post=11525"}],"curies":[{"name":"wp","href":"https:\/\/api.w.org\/{rel}","templated":true}]}}