{"id":13725,"date":"2021-11-26T20:38:34","date_gmt":"2021-11-26T19:38:34","guid":{"rendered":"https:\/\/liceoaprilia.edu.it\/?p=13725"},"modified":"2021-11-29T09:57:04","modified_gmt":"2021-11-29T08:57:04","slug":"olimpiadi-della-matematica-gara-individuale-2-dicembre","status":"publish","type":"post","link":"https:\/\/liceoaprilia.edu.it\/2021\/11\/26\/olimpiadi-della-matematica-gara-individuale-2-dicembre\/","title":{"rendered":"Olimpiadi della Matematica- Gara individuale 2 Dicembre"},"content":{"rendered":"<div><\/div>\n<div>Gioved\u00ec 2 Dicembre si disputer\u00e0 la fase scolastica della gara individuale delle Olimpiadi della Matematica.<\/div>\n<div>La gara \u00e8 distinta tra biennio e triennio.<\/div>\n<div>Verr\u00e0 disputata in presenza nei locali della scuola, in modalit\u00e0 online.<\/div>\n<div>Gli studenti potranno usare i propri dispositivi (pc portatili, tablet o smartphone) per scaricare le domande e inserire le risposte o in alternativa i pc dei laboratori della scuola. Non potranno usare i dispositivi come calcolatrici o per svolgere ricerche in rete.<\/div>\n<div>Si ricorda che non \u00e8 ammesso, durante la prova, l&#8217;uso di calcolatrici, tavole, testi o appunti personali: agli studenti \u00e8 concesso solo l&#8217;uso di fogli per la brutta copia.<\/div>\n<div>Per l&#8217;accesso al testo della gara \u00e8 necessario <b>inserire tra i dati obbligatori il proprio codice fiscale.<\/b><\/div>\n<div><\/div>\n<div>Qualche minuto prima dell&#8217;inizio verr\u00e0 fornito un link a cui gli studenti potranno accedere per inserire i dati personali<\/div>\n<div>La prova durer\u00e0 un&#8217;ora e si potr\u00e0 svolgere in uno dei due turni previsti (14.15-15.15 o 15.15-16.15).<\/div>\n<div>La scelta del turno \u00e8 libera, come la partecipazione.<\/div>\n<div><\/div>\n<div>Vi chiediamo solo di effettuare una preiscrizione tramite questo modulo (<a href=\"https:\/\/forms.gle\/MQmiPmxwab5cBqXE9\" target=\"_blank\" rel=\"noopener noreferrer\" data-saferedirecturl=\"https:\/\/www.google.com\/url?q=https:\/\/forms.gle\/MQmiPmxwab5cBqXE9&amp;source=gmail&amp;ust=1638040911164000&amp;usg=AOvVaw1GyeEsdWgtszu7gGrbrRlS\">https:\/\/forms.gle\/<wbr \/>MQmiPmxwab5cBqXE9<\/a>).<\/div>\n<div>Conoscere il numero dei partecipanti permetter\u00e0 di preparare al meglio gli spazi della scuola, disporre un&#8217;opportuna sorveglianza e la successiva sanificazione dei locali.<\/div>\n<div><\/div>\n<div>I partecipanti che avranno ottenuto i risultati migliori saranno selezionati per la fase distrettuale.<\/div>\n","protected":false},"excerpt":{"rendered":"<p>Gioved\u00ec 2 Dicembre si disputer\u00e0 la fase scolastica della gara individuale delle Olimpiadi della Matematica. La gara \u00e8 distinta tra biennio e triennio. Verr\u00e0 disputata in presenza nei locali della scuola, in modalit\u00e0 online. Gli studenti potranno usare i propri dispositivi (pc portatili, tablet o smartphone) per scaricare le domande e inserire le risposte o in alternativa i pc dei laboratori della scuola. Non potranno usare i dispositivi come calcolatrici o per svolgere ricerche in rete. Si ricorda che non \u00e8 ammesso, durante la prova, l&#8217;uso di calcolatrici, tavole, testi o appunti personali: agli studenti \u00e8 concesso solo l&#8217;uso di fogli per la brutta copia. Per l&#8217;accesso al testo della gara \u00e8 necessario inserire tra i dati obbligatori il proprio codice fiscale. Qualche minuto prima dell&#8217;inizio verr\u00e0 fornito un link a cui gli studenti potranno accedere per inserire i dati personali La prova durer\u00e0 un&#8217;ora e si potr\u00e0 svolgere in uno dei due turni previsti (14.15-15.15 o 15.15-16.15). La scelta del turno \u00e8 libera, come la partecipazione. Vi chiediamo solo di effettuare una preiscrizione tramite questo modulo (https:\/\/forms.gle\/MQmiPmxwab5cBqXE9). Conoscere il numero dei partecipanti permetter\u00e0 di preparare al meglio gli spazi della scuola, disporre un&#8217;opportuna sorveglianza e la successiva sanificazione dei locali. I partecipanti che avranno ottenuto i risultati migliori saranno selezionati per la fase distrettuale.<\/p>\n","protected":false},"author":6,"featured_media":0,"comment_status":"closed","ping_status":"closed","sticky":false,"template":"","format":"standard","meta":[],"categories":[3],"tags":[],"_links":{"self":[{"href":"https:\/\/liceoaprilia.edu.it\/wp-json\/wp\/v2\/posts\/13725"}],"collection":[{"href":"https:\/\/liceoaprilia.edu.it\/wp-json\/wp\/v2\/posts"}],"about":[{"href":"https:\/\/liceoaprilia.edu.it\/wp-json\/wp\/v2\/types\/post"}],"author":[{"embeddable":true,"href":"https:\/\/liceoaprilia.edu.it\/wp-json\/wp\/v2\/users\/6"}],"replies":[{"embeddable":true,"href":"https:\/\/liceoaprilia.edu.it\/wp-json\/wp\/v2\/comments?post=13725"}],"version-history":[{"count":3,"href":"https:\/\/liceoaprilia.edu.it\/wp-json\/wp\/v2\/posts\/13725\/revisions"}],"predecessor-version":[{"id":13746,"href":"https:\/\/liceoaprilia.edu.it\/wp-json\/wp\/v2\/posts\/13725\/revisions\/13746"}],"wp:attachment":[{"href":"https:\/\/liceoaprilia.edu.it\/wp-json\/wp\/v2\/media?parent=13725"}],"wp:term":[{"taxonomy":"category","embeddable":true,"href":"https:\/\/liceoaprilia.edu.it\/wp-json\/wp\/v2\/categories?post=13725"},{"taxonomy":"post_tag","embeddable":true,"href":"https:\/\/liceoaprilia.edu.it\/wp-json\/wp\/v2\/tags?post=13725"}],"curies":[{"name":"wp","href":"https:\/\/api.w.org\/{rel}","templated":true}]}}