{"id":13738,"date":"2021-11-28T07:20:39","date_gmt":"2021-11-28T06:20:39","guid":{"rendered":"https:\/\/liceoaprilia.edu.it\/?p=13738"},"modified":"2021-11-28T07:20:39","modified_gmt":"2021-11-28T06:20:39","slug":"una-lotta-tutta-in-rosso-la-giornata-internazionale-contro-la-violenza-sulle-donne","status":"publish","type":"post","link":"https:\/\/liceoaprilia.edu.it\/2021\/11\/28\/una-lotta-tutta-in-rosso-la-giornata-internazionale-contro-la-violenza-sulle-donne\/","title":{"rendered":"Una lotta tutta in rosso: la Giornata Internazionale contro la Violenza sulle Donne"},"content":{"rendered":"\r\n\r\n\r\n\r\n\r\n\r\n\r\n\r\n<p>Un tratto di rossetto rosso segna molte guance a ricordare tutte quelle donne che sono rimaste vittime di violenze. Donne, ragazze e bambine che non vanno dimenticate.<\/p>\r\n\r\n\r\n\r\n\r\n\r\n\r\n\r\n\r\n<p>\u00c8 proprio per queste donne che a partire dal 1981, in diversi paesi del mondo, si dedica questa giornata a un tema tanto delicato quanto importante, come la lotta contro la violenza sulle donne.<\/p>\r\n\r\n\r\n\r\n\r\n\r\n\r\n\r\n\r\n<figure class=\"wp-block-image size-full\"><img src=\"https:\/\/www.nicoladagostino.com\/wp-content\/uploads\/2021\/11\/image.png\" alt=\"\" class=\"wp-image-625\"\/><\/figure>\r\n\r\n\r\n\r\n\r\n\r\n\r\n\r\n\r\n<p>Il 25 Novembre \u00e8 la Giornata Internazionale contro la Violenza sulle Donne per ricordare che, ancora oggi, esistono donne vittime di abusi e maltrattamenti all&#8217;interno e all&#8217;esterno dell&#8217;ambiente casalingo.&nbsp;<\/p>\r\n\r\n\r\n\r\n\r\n\r\n\r\n\r\n\r\n<p>Il comune di Aprilia in occasione di questa giornata ha organizzato un momento di riflessione e dialogo che si terr\u00e0 gioved\u00ec 25 novembre, a partire dalle ore 17:00 con tema \u201cUna rete per la gestione delle donne in emergenza: strategie comuni per il contrasto e l\u2019emersione della violenza di genere\u201d. Sar\u00e0 possibile seguire l\u2019iniziativa dalla diretta sul canale YouTube del Comune di Aprilia che sar\u00e0 poi condivisa sui canali social istituzionali.<\/p>\r\n\r\n\r\n\r\n\r\n\r\n\r\n\r\n\r\n<p>Inoltre alle 16.00 presso il parco Europa del Quartiere Toscanini sar\u00e0 scoperta una panchina rossa come segno concreto della volont\u00e0 di dire NO alla violenza contro le donne.<\/p>\r\n\r\n\r\n\r\n\r\n\r\n\r\n\r\n\r\n<p>Nel 2021 in Italia il tasso dei femminicidi \u00e8 salito dell\u20198%, con la frequenza di una morte ogni tre giorni e cos\u00ec pi\u00f9 di cento donne sono andate incontro alla loro fine per mano di compagni o familiari. Il numero di casi di violenza domestica non \u00e8 di certo pi\u00f9 incoraggiante, ma \u00e8 necessario sapere che esiste la possibilit\u00e0 di ricevere aiuto chiamando il <a href=\"https:\/\/www.1522.eu\/\">1522<\/a>, numero di antiviolenza e stalking.<\/p>\r\n\r\n\r\n\r\n\r\n\r\n\r\n\r\n\r\n<figure class=\"wp-block-image size-large\"><img src=\"https:\/\/www.nicoladagostino.com\/wp-content\/uploads\/2021\/11\/image-1-1024x857.png\" alt=\"\" class=\"wp-image-626\"\/><\/figure>\r\n\r\n\r\n\r\n\r\n\r\n\r\n\r\n\r\n<p><strong><em>Giada Cariati 4S<\/em><\/strong><\/p>\r\n\r\n\r\n\r\n\r\n\r\n\r\n\r\n","protected":false},"excerpt":{"rendered":"<p>Un tratto di rossetto rosso segna molte guance a ricordare tutte quelle donne che sono rimaste vittime di violenze. Donne, ragazze e bambine che non vanno dimenticate. \u00c8 proprio per queste donne che a partire dal 1981, in diversi paesi del mondo, si dedica questa giornata a un tema tanto delicato quanto importante, come la lotta contro la violenza sulle donne. Il 25 Novembre \u00e8 la Giornata Internazionale contro la Violenza sulle Donne per ricordare che, ancora oggi, esistono donne vittime di abusi e maltrattamenti all&#8217;interno e all&#8217;esterno dell&#8217;ambiente casalingo.&nbsp; Il comune di Aprilia in occasione di questa giornata ha organizzato un momento di riflessione e dialogo che si terr\u00e0 gioved\u00ec 25 novembre, a partire dalle ore 17:00 con tema \u201cUna rete per la gestione delle donne in emergenza: strategie comuni per il contrasto e l\u2019emersione della violenza di genere\u201d. Sar\u00e0 possibile seguire l\u2019iniziativa dalla diretta sul canale YouTube del Comune di Aprilia che sar\u00e0 poi condivisa sui canali social istituzionali. Inoltre alle 16.00 presso il parco Europa del Quartiere Toscanini sar\u00e0 scoperta una panchina rossa come segno concreto della volont\u00e0 di dire NO alla violenza contro le donne. Nel 2021 in Italia il tasso dei femminicidi \u00e8 salito dell\u20198%, con la frequenza di una morte ogni tre giorni e cos\u00ec pi\u00f9 di cento donne sono andate incontro alla loro fine per mano di compagni o familiari. Il numero di casi di violenza domestica non \u00e8 di certo pi\u00f9 incoraggiante, ma \u00e8 necessario sapere che esiste la possibilit\u00e0 di ricevere aiuto chiamando il 1522, numero di antiviolenza e stalking. Giada Cariati 4S<\/p>\n","protected":false},"author":6,"featured_media":0,"comment_status":"closed","ping_status":"closed","sticky":false,"template":"","format":"standard","meta":[],"categories":[21,16,25,24],"tags":[],"_links":{"self":[{"href":"https:\/\/liceoaprilia.edu.it\/wp-json\/wp\/v2\/posts\/13738"}],"collection":[{"href":"https:\/\/liceoaprilia.edu.it\/wp-json\/wp\/v2\/posts"}],"about":[{"href":"https:\/\/liceoaprilia.edu.it\/wp-json\/wp\/v2\/types\/post"}],"author":[{"embeddable":true,"href":"https:\/\/liceoaprilia.edu.it\/wp-json\/wp\/v2\/users\/6"}],"replies":[{"embeddable":true,"href":"https:\/\/liceoaprilia.edu.it\/wp-json\/wp\/v2\/comments?post=13738"}],"version-history":[{"count":1,"href":"https:\/\/liceoaprilia.edu.it\/wp-json\/wp\/v2\/posts\/13738\/revisions"}],"predecessor-version":[{"id":13739,"href":"https:\/\/liceoaprilia.edu.it\/wp-json\/wp\/v2\/posts\/13738\/revisions\/13739"}],"wp:attachment":[{"href":"https:\/\/liceoaprilia.edu.it\/wp-json\/wp\/v2\/media?parent=13738"}],"wp:term":[{"taxonomy":"category","embeddable":true,"href":"https:\/\/liceoaprilia.edu.it\/wp-json\/wp\/v2\/categories?post=13738"},{"taxonomy":"post_tag","embeddable":true,"href":"https:\/\/liceoaprilia.edu.it\/wp-json\/wp\/v2\/tags?post=13738"}],"curies":[{"name":"wp","href":"https:\/\/api.w.org\/{rel}","templated":true}]}}