{"id":13743,"date":"2021-11-28T13:39:31","date_gmt":"2021-11-28T12:39:31","guid":{"rendered":"https:\/\/liceoaprilia.edu.it\/?p=13743"},"modified":"2021-11-28T13:39:31","modified_gmt":"2021-11-28T12:39:31","slug":"5-dicembre-aprilia-ecologica-organizza-una-giornata-tutta-in-verde","status":"publish","type":"post","link":"https:\/\/liceoaprilia.edu.it\/2021\/11\/28\/5-dicembre-aprilia-ecologica-organizza-una-giornata-tutta-in-verde\/","title":{"rendered":"5 DICEMBRE: APRILIA ECOLOGICA ORGANIZZA UNA GIORNATA TUTTA IN VERDE"},"content":{"rendered":"\r\n\r\n\r\n<h2>Il 5 Dicembre 2021 il collettivo ragazzi di Aprilia Ecologica organizzer\u00e0 la seconda giornata dedicata<br>interamente alla tutela del territorio apriliano, in merito ai rifiuti e la raccolta differenziata.<\/h2>\r\n\r\n\r\n\r\n<figure class=\"wp-block-image size-full\"><img src=\"https:\/\/www.nicoladagostino.com\/wp-content\/uploads\/2021\/11\/WhatsApp-Image-2021-11-28-at-13.08.14-1.jpeg\" alt=\"\" class=\"wp-image-629\"\/><\/figure>\r\n\r\n\r\n\r\n<p>Dopo il successo riscosso con il primo evento, che ha visto pi\u00f9 di 150 persone coinvolte, nella giornata di Domenica 5 Dicembre 2021, il collettivo ragazzi di Aprilia Ecologica organizzer\u00e0 la seconda giornata dedicata alla raccolta dei rifiuti e alla sensibilizzazione alla differenziata.<\/p>\r\n\r\n\r\n\r\n<p>La raccolta avr\u00e0 luogo lungo via Carroceto e Via Roberto Rossellini, per questo i giovani del Liceo Statale &#8220;Antonio Meucci&#8221; e quelli dell&#8217;Istituto d&#8217;Istruzione Superiore &#8220;Carlo e Nello Rosselli&#8221; sono stati coinvolti nel progetto.<\/p>\r\n\r\n\r\n\r\n<p>L&#8217;obiettivo di queste giornate, che godono del patrocinio comunale e garantiscono la copertura assicurativa a tutti i volontari, \u00e8 quello di coinvolgere attivamente e concretamente associazioni, cittadini e realt\u00e0 gi\u00e0 presenti sul territorio per responsabilizzare e sensibilizzare in prima persona coloro che vivono la citt\u00e0 di Aprilia. Creiamo una rete, lo sviluppo sostenibile risiede nelle mani di noi ragazzi! Impariamo ad amare la nostra citt\u00e0, rispettiamo l\u2019ambiente e salvaguardiamo il nostro futuro tutti insieme.<\/p>\r\n\r\n\r\n\r\n<figure class=\"wp-block-image size-large\"><img src=\"https:\/\/www.nicoladagostino.com\/wp-content\/uploads\/2021\/11\/WhatsApp-Image-2021-11-28-at-13.08.14-2-1024x683.jpeg\" alt=\"\" class=\"wp-image-630\"\/><\/figure>\r\n\r\n\r\n\r\n<p>In questa occasione parteciperanno: Virtus Basket Aprilia, ASD Rari Nantes, Rainbow Basket Aprilia, Azione Cattolica di Albano &#8211; Vicariato di Aprilia, Nani Ludici Aprilia, Keside &#8211; Associazione di Promozione Sociale, Riforestiamo Aprilia, ASD Santi Pietro e Paolo Aprilia, Tuteliamo Aprilia,<\/p>\r\n\r\n\r\n\r\n<p>A.N.P.I. \u201cVittorio Arrigoni\u201d Aprilia, Fioreria Fl\u00f2, Eurpack SpA e Croce Rossa Italiana &#8211; Comitato di Aprilia.<\/p>\r\n\r\n\r\n\r\n<p>Inoltre, in continuit\u00e0 con il precedente evento, la Croce Rossa Italiana &#8211; Comitato di Aprilia sar\u00e0 nuovamente presente per lo svolgimento di divertenti giochi a tema per sensibilizzare anche i pi\u00f9 piccoli, che potranno inoltre lanciare a fine raccolta delle bombe di semi che favoriranno la crescita di fiori graditi agli insetti impollinatori.<\/p>\r\n\r\n\r\n\r\n<p><strong><em>Il collettivo Aprilia Ecologica<\/em><\/strong><\/p>\r\n\r\n\r\n","protected":false},"excerpt":{"rendered":"<p>Il 5 Dicembre 2021 il collettivo ragazzi di Aprilia Ecologica organizzer\u00e0 la seconda giornata dedicatainteramente alla tutela del territorio apriliano, in merito ai rifiuti e la raccolta differenziata. Dopo il successo riscosso con il primo evento, che ha visto pi\u00f9 di 150 persone coinvolte, nella giornata di Domenica 5 Dicembre 2021, il collettivo ragazzi di Aprilia Ecologica organizzer\u00e0 la seconda giornata dedicata alla raccolta dei rifiuti e alla sensibilizzazione alla differenziata. La raccolta avr\u00e0 luogo lungo via Carroceto e Via Roberto Rossellini, per questo i giovani del Liceo Statale &#8220;Antonio Meucci&#8221; e quelli dell&#8217;Istituto d&#8217;Istruzione Superiore &#8220;Carlo e Nello Rosselli&#8221; sono stati coinvolti nel progetto. L&#8217;obiettivo di queste giornate, che godono del patrocinio comunale e garantiscono la copertura assicurativa a tutti i volontari, \u00e8 quello di coinvolgere attivamente e concretamente associazioni, cittadini e realt\u00e0 gi\u00e0 presenti sul territorio per responsabilizzare e sensibilizzare in prima persona coloro che vivono la citt\u00e0 di Aprilia. Creiamo una rete, lo sviluppo sostenibile risiede nelle mani di noi ragazzi! Impariamo ad amare la nostra citt\u00e0, rispettiamo l\u2019ambiente e salvaguardiamo il nostro futuro tutti insieme. In questa occasione parteciperanno: Virtus Basket Aprilia, ASD Rari Nantes, Rainbow Basket Aprilia, Azione Cattolica di Albano &#8211; Vicariato di Aprilia, Nani Ludici Aprilia, Keside &#8211; Associazione di Promozione Sociale, Riforestiamo Aprilia, ASD Santi Pietro e Paolo Aprilia, Tuteliamo Aprilia, A.N.P.I. \u201cVittorio Arrigoni\u201d Aprilia, Fioreria Fl\u00f2, Eurpack SpA e Croce Rossa Italiana &#8211; Comitato di Aprilia. Inoltre, in continuit\u00e0 con il precedente evento, la Croce Rossa Italiana &#8211; Comitato di Aprilia sar\u00e0 nuovamente presente per lo svolgimento di divertenti giochi a tema per sensibilizzare anche i pi\u00f9 piccoli, che potranno inoltre lanciare a fine raccolta delle bombe di semi che favoriranno la crescita di fiori graditi agli insetti impollinatori. Il collettivo Aprilia Ecologica<\/p>\n","protected":false},"author":6,"featured_media":0,"comment_status":"closed","ping_status":"closed","sticky":false,"template":"","format":"standard","meta":[],"categories":[22,21,16,24],"tags":[],"_links":{"self":[{"href":"https:\/\/liceoaprilia.edu.it\/wp-json\/wp\/v2\/posts\/13743"}],"collection":[{"href":"https:\/\/liceoaprilia.edu.it\/wp-json\/wp\/v2\/posts"}],"about":[{"href":"https:\/\/liceoaprilia.edu.it\/wp-json\/wp\/v2\/types\/post"}],"author":[{"embeddable":true,"href":"https:\/\/liceoaprilia.edu.it\/wp-json\/wp\/v2\/users\/6"}],"replies":[{"embeddable":true,"href":"https:\/\/liceoaprilia.edu.it\/wp-json\/wp\/v2\/comments?post=13743"}],"version-history":[{"count":1,"href":"https:\/\/liceoaprilia.edu.it\/wp-json\/wp\/v2\/posts\/13743\/revisions"}],"predecessor-version":[{"id":13744,"href":"https:\/\/liceoaprilia.edu.it\/wp-json\/wp\/v2\/posts\/13743\/revisions\/13744"}],"wp:attachment":[{"href":"https:\/\/liceoaprilia.edu.it\/wp-json\/wp\/v2\/media?parent=13743"}],"wp:term":[{"taxonomy":"category","embeddable":true,"href":"https:\/\/liceoaprilia.edu.it\/wp-json\/wp\/v2\/categories?post=13743"},{"taxonomy":"post_tag","embeddable":true,"href":"https:\/\/liceoaprilia.edu.it\/wp-json\/wp\/v2\/tags?post=13743"}],"curies":[{"name":"wp","href":"https:\/\/api.w.org\/{rel}","templated":true}]}}