{"id":5577,"date":"2020-04-10T17:37:04","date_gmt":"2020-04-10T15:37:04","guid":{"rendered":"https:\/\/liceoaprilia.edu.it\/?p=5577"},"modified":"2020-04-10T17:37:04","modified_gmt":"2020-04-10T15:37:04","slug":"auguri-di-una-santa-pasqua","status":"publish","type":"post","link":"https:\/\/liceoaprilia.edu.it\/2020\/04\/10\/auguri-di-una-santa-pasqua\/","title":{"rendered":"Auguri di una Santa Pasqua"},"content":{"rendered":"<p class=\"western\" align=\"right\"><span style=\"color: #002060;\"><span style=\"font-family: Times New Roman, serif;\"><span style=\"font-size: medium;\"><i>&#8220;Pace a voi&#8221; <\/i><\/span><\/span><\/span><span style=\"color: #002060;\"><span style=\"font-family: Times New Roman, serif;\"><span style=\"font-size: medium;\">(Gv 20,21)<\/span><\/span><\/span><\/p>\n<p align=\"right\">\n<p class=\"western\" style=\"text-align: left;\" align=\"right\"><span style=\"color: #111111;\"><span style=\"font-family: Times New Roman, serif;\"><span style=\"font-size: medium;\">La Pasqua in origine era la celebrazione dell\u2019equinozio di primavera. Gli ebrei la trasformarono nella memoria della liberazione dalla schiavit\u00f9 egiziana. I cristiani nella festa cardine, quella per la Resurrezione del Cristo.<\/span><\/span><\/span><\/p>\n<p class=\"western\" align=\"justify\"><span style=\"color: #111111;\"><span style=\"font-family: Times New Roman, serif;\"><span style=\"font-size: medium;\">Il termine Pasqua viene dall&#8217;aramaico: pasha, che corrisponde all&#8217;ebraico pesah, il cui senso generico \u00e8 \u201cpassaggio\u201d, \u201cpassare oltre\u201d. In tutte le culture \u00e8 festa che segna il cambiamento, il rinnovamento, la rinascita della vita: per questo si celebra in primavera.<\/span><\/span><\/span><\/p>\n<p class=\"western\" align=\"justify\"><span style=\"color: #111111;\"><span style=\"font-family: Times New Roman, serif;\"><span style=\"font-size: medium;\">Per rinascere \u00e8 necessario \u201crimuovere la pietra\u201d, lo comprendono le donne dinanzi al sepolcro di Ges\u00f9 (<\/span><\/span><\/span><span style=\"color: #111111;\"><span style=\"font-family: Times New Roman, serif;\"><span style=\"font-size: medium;\"><i>Chi ci rimuover\u00e0 la pietra dall&#8217;ingresso del sepolcro?<\/i><\/span><\/span><\/span><span style=\"color: #111111;\"><span style=\"font-family: Times New Roman, serif;\"><span style=\"font-size: medium;\"> Marco, 16, 2). <\/span><\/span><\/span><\/p>\n<p class=\"western\" align=\"justify\"><span style=\"color: #111111;\"><span style=\"font-family: Times New Roman, serif;\"><span style=\"font-size: medium;\">Ciascuno di noi ha la propria pietra da rimuovere. Oggi la pietra ha preso la forma del virus. Per rimuoverla \u00e8 necessario essere comunit\u00e0: <\/span><\/span><\/span><span style=\"color: #111111;\"><span style=\"font-family: Times New Roman, serif;\"><span style=\"font-size: medium;\"><i>Venne Ges\u00f9 e stette in mezzo a loro<\/i><\/span><\/span><\/span><i>\u00a0<\/i><span style=\"color: #111111;\"><span style=\"font-family: Times New Roman, serif;\"><span style=\"font-size: medium;\">(Gv 20,19). <\/span><\/span><\/span><\/p>\n<p class=\"western\" align=\"justify\"><span style=\"color: #111111;\"><span style=\"font-family: Times New Roman, serif;\"><span style=\"font-size: medium;\">La soluzione \u00e8 preparare insieme il ritorno: la rinascita. <\/span><\/span><\/span><\/p>\n<p class=\"western\" align=\"justify\"><span style=\"color: #111111;\"><span style=\"font-family: Times New Roman, serif;\"><span style=\"font-size: medium;\">Quella di Domenica \u00e8 una Pasqua diversa: oggi pi\u00f9 che mai autenticit\u00e0 e umanit\u00e0 sono i valori di riferimento. <\/span><\/span><\/span><\/p>\n<p class=\"western\" align=\"justify\"><span style=\"color: #111111;\"><span style=\"font-family: Times New Roman, serif;\"><span style=\"font-size: medium;\">Auguro a tutti una Pasqua di Pace: rimuoviamo insieme la pietra.<\/span><\/span><\/span><\/p>\n<p align=\"justify\">\n<p align=\"justify\">Il Dirigente Scolastico.<\/p>\n","protected":false},"excerpt":{"rendered":"<p>&#8220;Pace a voi&#8221; (Gv 20,21) La Pasqua in origine era la celebrazione dell\u2019equinozio di primavera. Gli ebrei la trasformarono nella memoria della liberazione dalla schiavit\u00f9 egiziana. I cristiani nella festa cardine, quella per la Resurrezione del Cristo. Il termine Pasqua viene dall&#8217;aramaico: pasha, che corrisponde all&#8217;ebraico pesah, il cui senso generico \u00e8 \u201cpassaggio\u201d, \u201cpassare oltre\u201d. In tutte le culture \u00e8 festa che segna il cambiamento, il rinnovamento, la rinascita della vita: per questo si celebra in primavera. Per rinascere \u00e8 necessario \u201crimuovere la pietra\u201d, lo comprendono le donne dinanzi al sepolcro di Ges\u00f9 (Chi ci rimuover\u00e0 la pietra dall&#8217;ingresso del sepolcro? Marco, 16, 2). Ciascuno di noi ha la propria pietra da rimuovere. Oggi la pietra ha preso la forma del virus. Per rimuoverla \u00e8 necessario essere comunit\u00e0: Venne Ges\u00f9 e stette in mezzo a loro\u00a0(Gv 20,19). La soluzione \u00e8 preparare insieme il ritorno: la rinascita. Quella di Domenica \u00e8 una Pasqua diversa: oggi pi\u00f9 che mai autenticit\u00e0 e umanit\u00e0 sono i valori di riferimento. Auguro a tutti una Pasqua di Pace: rimuoviamo insieme la pietra. Il Dirigente Scolastico.<\/p>\n","protected":false},"author":5,"featured_media":0,"comment_status":"closed","ping_status":"closed","sticky":false,"template":"","format":"standard","meta":[],"categories":[3],"tags":[],"_links":{"self":[{"href":"https:\/\/liceoaprilia.edu.it\/wp-json\/wp\/v2\/posts\/5577"}],"collection":[{"href":"https:\/\/liceoaprilia.edu.it\/wp-json\/wp\/v2\/posts"}],"about":[{"href":"https:\/\/liceoaprilia.edu.it\/wp-json\/wp\/v2\/types\/post"}],"author":[{"embeddable":true,"href":"https:\/\/liceoaprilia.edu.it\/wp-json\/wp\/v2\/users\/5"}],"replies":[{"embeddable":true,"href":"https:\/\/liceoaprilia.edu.it\/wp-json\/wp\/v2\/comments?post=5577"}],"version-history":[{"count":1,"href":"https:\/\/liceoaprilia.edu.it\/wp-json\/wp\/v2\/posts\/5577\/revisions"}],"predecessor-version":[{"id":5578,"href":"https:\/\/liceoaprilia.edu.it\/wp-json\/wp\/v2\/posts\/5577\/revisions\/5578"}],"wp:attachment":[{"href":"https:\/\/liceoaprilia.edu.it\/wp-json\/wp\/v2\/media?parent=5577"}],"wp:term":[{"taxonomy":"category","embeddable":true,"href":"https:\/\/liceoaprilia.edu.it\/wp-json\/wp\/v2\/categories?post=5577"},{"taxonomy":"post_tag","embeddable":true,"href":"https:\/\/liceoaprilia.edu.it\/wp-json\/wp\/v2\/tags?post=5577"}],"curies":[{"name":"wp","href":"https:\/\/api.w.org\/{rel}","templated":true}]}}