{"id":5579,"date":"2020-04-11T18:19:40","date_gmt":"2020-04-11T16:19:40","guid":{"rendered":"https:\/\/liceoaprilia.edu.it\/?p=5579"},"modified":"2020-04-11T18:19:40","modified_gmt":"2020-04-11T16:19:40","slug":"il-coronavirus-e-positivo-le-condizioni-ambientali-migliorano","status":"publish","type":"post","link":"https:\/\/liceoaprilia.edu.it\/2020\/04\/11\/il-coronavirus-e-positivo-le-condizioni-ambientali-migliorano\/","title":{"rendered":"Il Coronavirus \u00e8 \u201cpositivo\u201d: le condizioni ambientali migliorano"},"content":{"rendered":"\r\n<h4><strong>I livelli d\u2019inquinamento continuano a calare giorno dopo giorno.<\/strong><\/h4>\r\n\r\n\r\n\r\n<p>Da settimane \u00e8 imposta la <em>quarantena domiciliare<\/em> a tutti i cittadini, mentre il numero degli infetti e dei morti continua ad aumentare. C\u2019\u00e8 per\u00f2 l\u2019altro lato della medaglia: <em>meno gas discarico e altre sostanze inquinanti emesse a livello mondiale.<\/em> Questo nemico invisibile sta portando via molti affetti e interessi alla maggioranza della popolazione italiana; inevitabilmente causer\u00e0 cambiamenti drastici nello stile di vita con molte ripercussioni dal punto di vista economico e sociale. Tuttavia analisi di esperti hanno portato alla luce un evidente calo delle emissioni di azoto e anidride carbonica nell\u2019atmosfera. <strong>L\u2019epidemia finir\u00e0<\/strong>, e con essa la vita quotidiana ricomincer\u00e0 lentamente a scorrere, ma <em>non bisogner\u00e0 dimenticare il benessere del pianeta Terra.<\/em><\/p>\r\n\r\n\r\n\r\n<p><em><strong>A confronto, l\u2019Europa prima e dopo la diffusione della pandemia<\/strong><\/em><\/p>\r\n\r\n\r\n\r\n<div class=\"wp-block-image\"><figure class=\"aligncenter size-large is-resized\"><img loading=\"lazy\" src=\"https:\/\/www.nicoladagostino.com\/wp-content\/uploads\/2020\/04\/WhatsApp-Image-2020-04-11-at-17.17.22.jpeg\" alt=\"\" class=\"wp-image-362\" width=\"607\" height=\"282\"\/><\/figure><\/div>\r\n\r\n\r\n\r\n<p><em>Patrick Cobar, 5X<\/em><\/p>\r\n\r\n\r\n","protected":false},"excerpt":{"rendered":"<p>I livelli d\u2019inquinamento continuano a calare giorno dopo giorno. Da settimane \u00e8 imposta la quarantena domiciliare a tutti i cittadini, mentre il numero degli infetti e dei morti continua ad aumentare. C\u2019\u00e8 per\u00f2 l\u2019altro lato della medaglia: meno gas discarico e altre sostanze inquinanti emesse a livello mondiale. Questo nemico invisibile sta portando via molti affetti e interessi alla maggioranza della popolazione italiana; inevitabilmente causer\u00e0 cambiamenti drastici nello stile di vita con molte ripercussioni dal punto di vista economico e sociale. Tuttavia analisi di esperti hanno portato alla luce un evidente calo delle emissioni di azoto e anidride carbonica nell\u2019atmosfera. L\u2019epidemia finir\u00e0, e con essa la vita quotidiana ricomincer\u00e0 lentamente a scorrere, ma non bisogner\u00e0 dimenticare il benessere del pianeta Terra. A confronto, l\u2019Europa prima e dopo la diffusione della pandemia Patrick Cobar, 5X<\/p>\n","protected":false},"author":6,"featured_media":0,"comment_status":"closed","ping_status":"closed","sticky":false,"template":"","format":"standard","meta":[],"categories":[16,25,24],"tags":[],"_links":{"self":[{"href":"https:\/\/liceoaprilia.edu.it\/wp-json\/wp\/v2\/posts\/5579"}],"collection":[{"href":"https:\/\/liceoaprilia.edu.it\/wp-json\/wp\/v2\/posts"}],"about":[{"href":"https:\/\/liceoaprilia.edu.it\/wp-json\/wp\/v2\/types\/post"}],"author":[{"embeddable":true,"href":"https:\/\/liceoaprilia.edu.it\/wp-json\/wp\/v2\/users\/6"}],"replies":[{"embeddable":true,"href":"https:\/\/liceoaprilia.edu.it\/wp-json\/wp\/v2\/comments?post=5579"}],"version-history":[{"count":1,"href":"https:\/\/liceoaprilia.edu.it\/wp-json\/wp\/v2\/posts\/5579\/revisions"}],"predecessor-version":[{"id":5580,"href":"https:\/\/liceoaprilia.edu.it\/wp-json\/wp\/v2\/posts\/5579\/revisions\/5580"}],"wp:attachment":[{"href":"https:\/\/liceoaprilia.edu.it\/wp-json\/wp\/v2\/media?parent=5579"}],"wp:term":[{"taxonomy":"category","embeddable":true,"href":"https:\/\/liceoaprilia.edu.it\/wp-json\/wp\/v2\/categories?post=5579"},{"taxonomy":"post_tag","embeddable":true,"href":"https:\/\/liceoaprilia.edu.it\/wp-json\/wp\/v2\/tags?post=5579"}],"curies":[{"name":"wp","href":"https:\/\/api.w.org\/{rel}","templated":true}]}}