{"id":5709,"date":"2020-04-27T14:22:26","date_gmt":"2020-04-27T12:22:26","guid":{"rendered":"https:\/\/liceoaprilia.edu.it\/?p=5709"},"modified":"2020-04-27T14:22:26","modified_gmt":"2020-04-27T12:22:26","slug":"pcto-dal-cv-al-colloquio-2","status":"publish","type":"post","link":"https:\/\/liceoaprilia.edu.it\/2020\/04\/27\/pcto-dal-cv-al-colloquio-2\/","title":{"rendered":"PCTO: Dal CV al Colloquio"},"content":{"rendered":"<p>L&#8217;ultimo incontro del progetto &#8220;Dal CV al Colloquio&#8221; si terra in modalit\u00e0 video conferenza secondo il seguente calendario:<\/p>\n<p>Gioved\u00ec 30 Aprile:<br \/>\n9:00-10:00 5B<br \/>\n10:15-11:15 5D<br \/>\n15:00-16:00 5F<br \/>\n16:15-17:15 5X<\/p>\n<p>Marted\u00ec 5 Maggio<br \/>\n9:00-10:00 5J<br \/>\n10:15-11:15 5K<br \/>\n15:00-16:00 5U<br \/>\n16:15-17:15 5V<\/p>\n<p>Il link di partecipazione verr\u00e0 inviato al tutor di classe che provveder\u00e0 a comunicarlo agli studenti.<br \/>\nParteciper\u00e0 all&#8217;incontro anche il tutor di classe.<\/p>\n","protected":false},"excerpt":{"rendered":"<p>L&#8217;ultimo incontro del progetto &#8220;Dal CV al Colloquio&#8221; si terra in modalit\u00e0 video conferenza secondo il seguente calendario: Gioved\u00ec 30 Aprile: 9:00-10:00 5B 10:15-11:15 5D 15:00-16:00 5F 16:15-17:15 5X Marted\u00ec 5 Maggio 9:00-10:00 5J 10:15-11:15 5K 15:00-16:00 5U 16:15-17:15 5V Il link di partecipazione verr\u00e0 inviato al tutor di classe che provveder\u00e0 a comunicarlo agli studenti. Parteciper\u00e0 all&#8217;incontro anche il tutor di classe.<\/p>\n","protected":false},"author":6,"featured_media":0,"comment_status":"closed","ping_status":"closed","sticky":false,"template":"","format":"standard","meta":[],"categories":[3],"tags":[],"_links":{"self":[{"href":"https:\/\/liceoaprilia.edu.it\/wp-json\/wp\/v2\/posts\/5709"}],"collection":[{"href":"https:\/\/liceoaprilia.edu.it\/wp-json\/wp\/v2\/posts"}],"about":[{"href":"https:\/\/liceoaprilia.edu.it\/wp-json\/wp\/v2\/types\/post"}],"author":[{"embeddable":true,"href":"https:\/\/liceoaprilia.edu.it\/wp-json\/wp\/v2\/users\/6"}],"replies":[{"embeddable":true,"href":"https:\/\/liceoaprilia.edu.it\/wp-json\/wp\/v2\/comments?post=5709"}],"version-history":[{"count":1,"href":"https:\/\/liceoaprilia.edu.it\/wp-json\/wp\/v2\/posts\/5709\/revisions"}],"predecessor-version":[{"id":5711,"href":"https:\/\/liceoaprilia.edu.it\/wp-json\/wp\/v2\/posts\/5709\/revisions\/5711"}],"wp:attachment":[{"href":"https:\/\/liceoaprilia.edu.it\/wp-json\/wp\/v2\/media?parent=5709"}],"wp:term":[{"taxonomy":"category","embeddable":true,"href":"https:\/\/liceoaprilia.edu.it\/wp-json\/wp\/v2\/categories?post=5709"},{"taxonomy":"post_tag","embeddable":true,"href":"https:\/\/liceoaprilia.edu.it\/wp-json\/wp\/v2\/tags?post=5709"}],"curies":[{"name":"wp","href":"https:\/\/api.w.org\/{rel}","templated":true}]}}