{"id":5721,"date":"2020-04-27T17:59:41","date_gmt":"2020-04-27T15:59:41","guid":{"rendered":"https:\/\/liceoaprilia.edu.it\/?p=5721"},"modified":"2020-04-27T17:59:41","modified_gmt":"2020-04-27T15:59:41","slug":"fase-2-piu-liberta-e-piu-attenzione","status":"publish","type":"post","link":"https:\/\/liceoaprilia.edu.it\/2020\/04\/27\/fase-2-piu-liberta-e-piu-attenzione\/","title":{"rendered":"Fase 2: pi\u00f9 libert\u00e0 e pi\u00f9 attenzione"},"content":{"rendered":"\r\n\r\n\r\n<h4><em>Il premier Giuseppe Conte ha annunciato le disposizioni del nuovo decreto che entreranno in vigore dal 4 maggio, menzionata anche la scuola con ulteriori chiarimenti dopo le parole del ministro Azzolina.<\/em><\/h4>\r\n\r\n\r\n\r\n<p>Nella scorsa serata il presidente del Consiglio ha illustrato i nuovi provvedimenti concepiti per la nuova fase, quella della \u201cconvivenza\u201d con il virus, cos\u00ec \u00e8 stata definita. Le precauzioni sono fondamentali per evitare una ricaduta, <em><strong>\u201cla curva del contagio potr\u00e0 risalire\u201d<\/strong><\/em> ha dichiarato Conte, aggiungendo poi, <em><strong>\u201cIl rischio c\u2019\u00e8, dobbiamo assumermelo\u201d.<\/strong><\/em><\/p>\r\n\r\n\r\n\r\n<div class=\"wp-block-image\"><figure class=\"aligncenter size-large is-resized\"><img loading=\"lazy\" src=\"https:\/\/www.nicoladagostino.com\/wp-content\/uploads\/2020\/04\/WhatsApp-Image-2020-04-27-at-16.20.18-1024x643.jpeg\" alt=\"\" class=\"wp-image-398\" width=\"672\" height=\"421\"\/><\/figure><\/div>\r\n\r\n\r\n\r\n<p><strong>Spostamenti<\/strong><\/p>\r\n\r\n\r\n\r\n<p>Dalla data del 4 maggio si potranno compiere degli spostamenti interni alla propria regione di residenza per motivi <em>lavorativi, di salute o di necessit\u00e0<\/em>. Sar\u00e0 inoltre possibile fare delle visite ai propri familiari, questo prevede comunque l\u2019utilizzo delle mascherine e il mantenimento delle distanze di sicurezza.<\/p>\r\n\r\n\r\n\r\n<p><strong>Luoghi pubblici<\/strong><\/p>\r\n\r\n\r\n\r\n<p>Sempre dal 4 maggio sar\u00e0 nuovamente possibile frequentare i parchi cittadini mentre soltanto dal 18 dello stesso mese si potr\u00e0 nuovamente entrare ai musei e alle mostre. I luoghi di culto invece non eserciteranno funzioni fatta eccezione per i funerali, questi potranno essere svolti a partire dal 4 marzo con un massimo di 15 persone presenti che dovranno essere munite di mascherina.<\/p>\r\n\r\n\r\n\r\n<p><em>Sono ancora vietati gli assembramenti nei luoghi sia pubblici che privati.<\/em><\/p>\r\n\r\n\r\n\r\n<p><strong>Attivit\u00e0 commerciali<\/strong><\/p>\r\n\r\n\r\n\r\n<p>Dal 4 maggio potranno riaprire le industrie manifatturiere con i bar e i ristoranti che potranno effettuare le consegne a domicilio e d&#8217;asporto con il divieto di consumare il proprio ordine davanti alla zona di ristorto. Dal 18 maggio riapriranno i negozi di vendita al dettaglio. Mentre i <em>parrucchieri, i centri estetici e i bar<\/em> e i ristoranti dovranno attendere il <strong>1 giugno<\/strong> prima di riprendere le attivit\u00e0. ne<\/p>\r\n\r\n\r\n\r\n<p><strong>Scuola<\/strong><\/p>\r\n\r\n\r\n\r\n<p>Conte ha confermato la chiusura delle scuole fino al termine dell\u2019anno scolastico, ha dichiarato,<em>\u201cavremmo una nuova esplosione del contagio nel giro di una-due settimane, se dovessimo riaprire le scuole\u201d<\/em>, riportando le previsioni della squadra di esperti che sta affiancando il governo nella gestione dell\u2019emergenza.<\/p>\r\n\r\n\r\n\r\n<p><strong>Attivit\u00e0 sportiva<\/strong><\/p>\r\n\r\n\r\n\r\n<p>Sull\u2019attivit\u00e0 fisica il <strong>DPCM<\/strong> prevede la possibilit\u00e0 a partire dal 4 maggio di svolgere attivit\u00e0 fisica individualmente anche lontano dalla propria abitazione, permane l\u2019obbligo di mantenere una distanza di sicurezza di almeno <em>1,5 metri.<\/em><br>Dallo stesso giorno potranno riprendere gli allenamenti degli sportivi professionisti (o non professionisti, se la loro attivit\u00e0 \u00e8 riconosciuta di interesse nazionale dal CONI) degli sport individuali. Mentre gli allenamenti degli sport collettivi potranno riprendere soltanto dal <em>18 maggio.<\/em><\/p>\r\n\r\n\r\n\r\n<p><em>Lorenzo Salvatore, 5\u00b0B<\/em><\/p>\r\n\r\n\r\n","protected":false},"excerpt":{"rendered":"<p>Il premier Giuseppe Conte ha annunciato le disposizioni del nuovo decreto che entreranno in vigore dal 4 maggio, menzionata anche la scuola con ulteriori chiarimenti dopo le parole del ministro Azzolina. Nella scorsa serata il presidente del Consiglio ha illustrato i nuovi provvedimenti concepiti per la nuova fase, quella della \u201cconvivenza\u201d con il virus, cos\u00ec \u00e8 stata definita. Le precauzioni sono fondamentali per evitare una ricaduta, \u201cla curva del contagio potr\u00e0 risalire\u201d ha dichiarato Conte, aggiungendo poi, \u201cIl rischio c\u2019\u00e8, dobbiamo assumermelo\u201d. Spostamenti Dalla data del 4 maggio si potranno compiere degli spostamenti interni alla propria regione di residenza per motivi lavorativi, di salute o di necessit\u00e0. Sar\u00e0 inoltre possibile fare delle visite ai propri familiari, questo prevede comunque l\u2019utilizzo delle mascherine e il mantenimento delle distanze di sicurezza. Luoghi pubblici Sempre dal 4 maggio sar\u00e0 nuovamente possibile frequentare i parchi cittadini mentre soltanto dal 18 dello stesso mese si potr\u00e0 nuovamente entrare ai musei e alle mostre. I luoghi di culto invece non eserciteranno funzioni fatta eccezione per i funerali, questi potranno essere svolti a partire dal 4 marzo con un massimo di 15 persone presenti che dovranno essere munite di mascherina. Sono ancora vietati gli assembramenti nei luoghi sia pubblici che privati. Attivit\u00e0 commerciali Dal 4 maggio potranno riaprire le industrie manifatturiere con i bar e i ristoranti che potranno effettuare le consegne a domicilio e d&#8217;asporto con il divieto di consumare il proprio ordine davanti alla zona di ristorto. Dal 18 maggio riapriranno i negozi di vendita al dettaglio. Mentre i parrucchieri, i centri estetici e i bar e i ristoranti dovranno attendere il 1 giugno prima di riprendere le attivit\u00e0. ne Scuola Conte ha confermato la chiusura delle scuole fino al termine dell\u2019anno scolastico, ha dichiarato,\u201cavremmo una nuova esplosione del contagio nel giro di una-due settimane, se dovessimo riaprire le scuole\u201d, riportando le previsioni della squadra di esperti che sta affiancando il governo nella gestione dell\u2019emergenza. Attivit\u00e0 sportiva Sull\u2019attivit\u00e0 fisica il DPCM prevede la possibilit\u00e0 a partire dal 4 maggio di svolgere attivit\u00e0 fisica individualmente anche lontano dalla propria abitazione, permane l\u2019obbligo di mantenere una distanza di sicurezza di almeno 1,5 metri.Dallo stesso giorno potranno riprendere gli allenamenti degli sportivi professionisti (o non professionisti, se la loro attivit\u00e0 \u00e8 riconosciuta di interesse nazionale dal CONI) degli sport individuali. Mentre gli allenamenti degli sport collettivi potranno riprendere soltanto dal 18 maggio. Lorenzo Salvatore, 5\u00b0B<\/p>\n","protected":false},"author":6,"featured_media":0,"comment_status":"closed","ping_status":"closed","sticky":false,"template":"","format":"standard","meta":[],"categories":[25,24],"tags":[],"_links":{"self":[{"href":"https:\/\/liceoaprilia.edu.it\/wp-json\/wp\/v2\/posts\/5721"}],"collection":[{"href":"https:\/\/liceoaprilia.edu.it\/wp-json\/wp\/v2\/posts"}],"about":[{"href":"https:\/\/liceoaprilia.edu.it\/wp-json\/wp\/v2\/types\/post"}],"author":[{"embeddable":true,"href":"https:\/\/liceoaprilia.edu.it\/wp-json\/wp\/v2\/users\/6"}],"replies":[{"embeddable":true,"href":"https:\/\/liceoaprilia.edu.it\/wp-json\/wp\/v2\/comments?post=5721"}],"version-history":[{"count":1,"href":"https:\/\/liceoaprilia.edu.it\/wp-json\/wp\/v2\/posts\/5721\/revisions"}],"predecessor-version":[{"id":5722,"href":"https:\/\/liceoaprilia.edu.it\/wp-json\/wp\/v2\/posts\/5721\/revisions\/5722"}],"wp:attachment":[{"href":"https:\/\/liceoaprilia.edu.it\/wp-json\/wp\/v2\/media?parent=5721"}],"wp:term":[{"taxonomy":"category","embeddable":true,"href":"https:\/\/liceoaprilia.edu.it\/wp-json\/wp\/v2\/categories?post=5721"},{"taxonomy":"post_tag","embeddable":true,"href":"https:\/\/liceoaprilia.edu.it\/wp-json\/wp\/v2\/tags?post=5721"}],"curies":[{"name":"wp","href":"https:\/\/api.w.org\/{rel}","templated":true}]}}